{"id":3375,"date":"2025-09-18T19:23:31","date_gmt":"2025-09-18T19:23:31","guid":{"rendered":"https:\/\/benediktschmid.ch\/?p=3375"},"modified":"2025-09-18T19:25:59","modified_gmt":"2025-09-18T19:25:59","slug":"blick-sda-13-09-2025","status":"publish","type":"post","link":"https:\/\/benediktschmid.ch\/?p=3375","title":{"rendered":"Blick \/ sda &#8211; 13.09.2025"},"content":{"rendered":"\t\t<div data-elementor-type=\"wp-post\" data-elementor-id=\"3375\" class=\"elementor elementor-3375\" data-elementor-post-type=\"post\">\n\t\t\t\t\t\t<section class=\"elementor-section elementor-top-section elementor-element elementor-element-b0f66d0 elementor-section-boxed elementor-section-height-default elementor-section-height-default\" data-id=\"b0f66d0\" data-element_type=\"section\" data-e-type=\"section\">\n\t\t\t\t\t\t<div class=\"elementor-container elementor-column-gap-default\">\n\t\t\t\t\t<div class=\"elementor-column elementor-col-100 elementor-top-column elementor-element elementor-element-4226771\" data-id=\"4226771\" data-element_type=\"column\" data-e-type=\"column\">\n\t\t\t<div class=\"elementor-widget-wrap elementor-element-populated\">\n\t\t\t\t\t\t<div class=\"elementor-element elementor-element-e6308c6 elementor-widget elementor-widget-text-editor\" data-id=\"e6308c6\" data-element_type=\"widget\" data-e-type=\"widget\" data-widget_type=\"text-editor.default\">\n\t\t\t\t<div class=\"elementor-widget-container\">\n\t\t\t\t\t\t\t\t\t<p style=\"font-size: 17px; font-style: normal;\"><b>Z\u00fcrcher folgt auf Thurgauer<\/b><\/p><p style=\"font-size: 17px; font-style: normal;\"><b>Junge Mitte w\u00e4hlt Benedikt Schmid zum neuen Pr\u00e4sidenten<\/b><\/p><p style=\"font-size: 17px; font-style: normal;\">In Biel wurde Benedikt Schmid zum neuen Pr\u00e4sidenten der Jungen Mitte gew\u00e4hlt. Die Jungpartei will zeigen, dass Politik nicht nur Streit bedeutet und strebt an, die Schweizer Jugend vor dem Populismus zu bewahren.<\/p><p style=\"font-size: 17px; font-style: normal;\">Keystone-SDA<\/p><p style=\"font-size: 17px; font-style: normal;\">13.09.2025, 19:52 Uhr<\/p><h5 style=\"font-size: 1.235294rem; font-style: normal; color: #000000;\"><a style=\"transition-property: all;\" href=\"https:\/\/www.blick.ch\/schweiz\/zuercher-folgt-auf-thurgauer-junge-mitte-waehlt-benedikt-schmid-zum-neuen-praesidenten-id21228638.html\"><b><u>Link<\/u><\/b><\/a>\u00a0Zum Artikel<\/h5>\t\t\t\t\t\t\t\t<\/div>\n\t\t\t\t<\/div>\n\t\t\t\t\t<\/div>\n\t\t<\/div>\n\t\t\t\t\t<\/div>\n\t\t<\/section>\n\t\t\t\t<\/div>\n\t\t","protected":false},"excerpt":{"rendered":"<p>Z\u00fcrcher folgt auf Thurgauer Junge Mitte w\u00e4hlt Benedikt Schmid zum neuen Pr\u00e4sidenten In Biel wurde Benedikt Schmid zum neuen Pr\u00e4sidenten der Jungen Mitte gew\u00e4hlt. Die Jungpartei will zeigen, dass Politik nicht nur Streit bedeutet und strebt an, die Schweizer Jugend vor dem Populismus zu bewahren. Keystone-SDA 13.09.2025, 19:52 Uhr Link\u00a0Zum Artikel<\/p>\n","protected":false},"author":1,"featured_media":0,"comment_status":"open","ping_status":"open","sticky":false,"template":"","format":"standard","meta":{"_uag_custom_page_level_css":"","site-sidebar-layout":"default","site-content-layout":"","ast-site-content-layout":"default","site-content-style":"default","site-sidebar-style":"default","ast-global-header-display":"","ast-banner-title-visibility":"","ast-main-header-display":"","ast-hfb-above-header-display":"","ast-hfb-below-header-display":"","ast-hfb-mobile-header-display":"","site-post-title":"","ast-breadcrumbs-content":"","ast-featured-img":"","footer-sml-layout":"","ast-disable-related-posts":"","theme-transparent-header-meta":"","adv-header-id-meta":"","stick-header-meta":"","header-above-stick-meta":"","header-main-stick-meta":"","header-below-stick-meta":"","astra-migrate-meta-layouts":"set","ast-page-background-enabled":"default","ast-page-background-meta":{"desktop":{"background-color":"","background-image":"","background-repeat":"repeat","background-position":"center center","background-size":"auto","background-attachment":"scroll","background-type":"","background-media":"","overlay-type":"","overlay-color":"","overlay-opacity":"","overlay-gradient":""},"tablet":{"background-color":"","background-image":"","background-repeat":"repeat","background-position":"center center","background-size":"auto","background-attachment":"scroll","background-type":"","background-media":"","overlay-type":"","overlay-color":"","overlay-opacity":"","overlay-gradient":""},"mobile":{"background-color":"","background-image":"","background-repeat":"repeat","background-position":"center center","background-size":"auto","background-attachment":"scroll","background-type":"","background-media":"","overlay-type":"","overlay-color":"","overlay-opacity":"","overlay-gradient":""}},"ast-content-background-meta":{"desktop":{"background-color":"var(--ast-global-color-5)","background-image":"","background-repeat":"repeat","background-position":"center center","background-size":"auto","background-attachment":"scroll","background-type":"","background-media":"","overlay-type":"","overlay-color":"","overlay-opacity":"","overlay-gradient":""},"tablet":{"background-color":"var(--ast-global-color-5)","background-image":"","background-repeat":"repeat","background-position":"center center","background-size":"auto","background-attachment":"scroll","background-type":"","background-media":"","overlay-type":"","overlay-color":"","overlay-opacity":"","overlay-gradient":""},"mobile":{"background-color":"var(--ast-global-color-5)","background-image":"","background-repeat":"repeat","background-position":"center center","background-size":"auto","background-attachment":"scroll","background-type":"","background-media":"","overlay-type":"","overlay-color":"","overlay-opacity":"","overlay-gradient":""}},"footnotes":""},"categories":[1],"tags":[],"class_list":["post-3375","post","type-post","status-publish","format-standard","hentry","category-uncategorized"],"uagb_featured_image_src":{"full":false,"thumbnail":false,"medium":false,"medium_large":false,"large":false,"1536x1536":false,"2048x2048":false},"uagb_author_info":{"display_name":"Benedikt Schmid","author_link":"https:\/\/benediktschmid.ch\/?author=1"},"uagb_comment_info":2,"uagb_excerpt":"Z\u00fcrcher folgt auf Thurgauer Junge Mitte w\u00e4hlt Benedikt Schmid zum neuen Pr\u00e4sidenten In Biel wurde Benedikt Schmid zum neuen Pr\u00e4sidenten der Jungen Mitte gew\u00e4hlt. Die Jungpartei will zeigen, dass Politik nicht nur Streit bedeutet und strebt an, die Schweizer Jugend vor dem Populismus zu bewahren. Keystone-SDA 13.09.2025, 19:52 Uhr Link\u00a0Zum Artikel","_links":{"self":[{"href":"https:\/\/benediktschmid.ch\/index.php?rest_route=\/wp\/v2\/posts\/3375","targetHints":{"allow":["GET"]}}],"collection":[{"href":"https:\/\/benediktschmid.ch\/index.php?rest_route=\/wp\/v2\/posts"}],"about":[{"href":"https:\/\/benediktschmid.ch\/index.php?rest_route=\/wp\/v2\/types\/post"}],"author":[{"embeddable":true,"href":"https:\/\/benediktschmid.ch\/index.php?rest_route=\/wp\/v2\/users\/1"}],"replies":[{"embeddable":true,"href":"https:\/\/benediktschmid.ch\/index.php?rest_route=%2Fwp%2Fv2%2Fcomments&post=3375"}],"version-history":[{"count":8,"href":"https:\/\/benediktschmid.ch\/index.php?rest_route=\/wp\/v2\/posts\/3375\/revisions"}],"predecessor-version":[{"id":3383,"href":"https:\/\/benediktschmid.ch\/index.php?rest_route=\/wp\/v2\/posts\/3375\/revisions\/3383"}],"wp:attachment":[{"href":"https:\/\/benediktschmid.ch\/index.php?rest_route=%2Fwp%2Fv2%2Fmedia&parent=3375"}],"wp:term":[{"taxonomy":"category","embeddable":true,"href":"https:\/\/benediktschmid.ch\/index.php?rest_route=%2Fwp%2Fv2%2Fcategories&post=3375"},{"taxonomy":"post_tag","embeddable":true,"href":"https:\/\/benediktschmid.ch\/index.php?rest_route=%2Fwp%2Fv2%2Ftags&post=3375"}],"curies":[{"name":"wp","href":"https:\/\/api.w.org\/{rel}","templated":true}]}}