{"id":3369,"date":"2025-09-18T19:14:14","date_gmt":"2025-09-18T19:14:14","guid":{"rendered":"https:\/\/benediktschmid.ch\/?p=3369"},"modified":"2025-09-18T19:18:38","modified_gmt":"2025-09-18T19:18:38","slug":"elementor-3369","status":"publish","type":"post","link":"https:\/\/benediktschmid.ch\/?p=3369","title":{"rendered":"Tele Top &#8211; 13.09.2025"},"content":{"rendered":"\t\t<div data-elementor-type=\"wp-post\" data-elementor-id=\"3369\" class=\"elementor elementor-3369\" data-elementor-post-type=\"post\">\n\t\t\t\t\t\t<section class=\"elementor-section elementor-top-section elementor-element elementor-element-78304f5 elementor-section-boxed elementor-section-height-default elementor-section-height-default\" data-id=\"78304f5\" data-element_type=\"section\" data-e-type=\"section\">\n\t\t\t\t\t\t<div class=\"elementor-container elementor-column-gap-default\">\n\t\t\t\t\t<div class=\"elementor-column elementor-col-100 elementor-top-column elementor-element elementor-element-5480beb\" data-id=\"5480beb\" data-element_type=\"column\" data-e-type=\"column\">\n\t\t\t<div class=\"elementor-widget-wrap elementor-element-populated\">\n\t\t\t\t\t\t<div class=\"elementor-element elementor-element-5a82983 elementor-widget elementor-widget-text-editor\" data-id=\"5a82983\" data-element_type=\"widget\" data-e-type=\"widget\" data-widget_type=\"text-editor.default\">\n\t\t\t\t<div class=\"elementor-widget-container\">\n\t\t\t\t\t\t\t\t\t<div><strong>Z\u00fcrcher wird neuer Pr\u00e4sident der Jungen Mitte Schweiz<\/strong><\/div><div>Der Z\u00fcrcher Benedikt Schmid ist heute auf der Delegiertenversammlung der Jungen Mitte Schweiz zum neuen Pr\u00e4sidenten gew\u00e4hlt worden. Ein harter Wahlkampf war jedoch nicht n\u00f6tig, da wie bereits bei der Mutterpartei niemand sonst f\u00fcr das Amt kandidierte. Trotzdem ist Schmid \u00fcberzeugt: \u00abIch will diesen Job.\u00bb Was ihn antreibt und welche Ziele er verfolgt, hat Tele TOP heute Morgen auf dem Weg zur Delegiertenversammlung in Erfahrung gebracht.<\/div><div><p style=\"font-size: 17px; font-style: normal;\"><span style=\"font-style: inherit;\">Jeannine Merki<\/span><\/p><p style=\"font-size: 17px; font-style: normal;\">13.09.2025, 18:00 Uhr<\/p><h5 style=\"font-size: 1.235294rem; font-style: normal; color: #000000; text-transform: none;\"><b><u><a href=\"https:\/\/video.toponline.ch\/medien\/EinzelneBeitraege\/20250913_news_Benedikt%20Schmid%20wird%20neuer%20Junge%20Mitte%20Praesident.mp4\">Link<\/a><\/u><\/b>\u00a0zum Artikel<\/h5><\/div>\t\t\t\t\t\t\t\t<\/div>\n\t\t\t\t<\/div>\n\t\t\t\t\t<\/div>\n\t\t<\/div>\n\t\t\t\t\t<\/div>\n\t\t<\/section>\n\t\t\t\t<\/div>\n\t\t","protected":false},"excerpt":{"rendered":"<p>Z\u00fcrcher wird neuer Pr\u00e4sident der Jungen Mitte SchweizDer Z\u00fcrcher Benedikt Schmid ist heute auf der Delegiertenversammlung der Jungen Mitte Schweiz zum neuen Pr\u00e4sidenten gew\u00e4hlt worden. Ein harter Wahlkampf war jedoch nicht n\u00f6tig, da wie bereits bei der Mutterpartei niemand sonst f\u00fcr das Amt kandidierte. Trotzdem ist Schmid \u00fcberzeugt: \u00abIch will diesen Job.\u00bb Was ihn antreibt [&hellip;]<\/p>\n","protected":false},"author":1,"featured_media":0,"comment_status":"open","ping_status":"open","sticky":false,"template":"","format":"standard","meta":{"_uag_custom_page_level_css":"","site-sidebar-layout":"default","site-content-layout":"","ast-site-content-layout":"default","site-content-style":"default","site-sidebar-style":"default","ast-global-header-display":"","ast-banner-title-visibility":"","ast-main-header-display":"","ast-hfb-above-header-display":"","ast-hfb-below-header-display":"","ast-hfb-mobile-header-display":"","site-post-title":"","ast-breadcrumbs-content":"","ast-featured-img":"","footer-sml-layout":"","ast-disable-related-posts":"","theme-transparent-header-meta":"","adv-header-id-meta":"","stick-header-meta":"","header-above-stick-meta":"","header-main-stick-meta":"","header-below-stick-meta":"","astra-migrate-meta-layouts":"set","ast-page-background-enabled":"default","ast-page-background-meta":{"desktop":{"background-color":"","background-image":"","background-repeat":"repeat","background-position":"center center","background-size":"auto","background-attachment":"scroll","background-type":"","background-media":"","overlay-type":"","overlay-color":"","overlay-opacity":"","overlay-gradient":""},"tablet":{"background-color":"","background-image":"","background-repeat":"repeat","background-position":"center center","background-size":"auto","background-attachment":"scroll","background-type":"","background-media":"","overlay-type":"","overlay-color":"","overlay-opacity":"","overlay-gradient":""},"mobile":{"background-color":"","background-image":"","background-repeat":"repeat","background-position":"center center","background-size":"auto","background-attachment":"scroll","background-type":"","background-media":"","overlay-type":"","overlay-color":"","overlay-opacity":"","overlay-gradient":""}},"ast-content-background-meta":{"desktop":{"background-color":"var(--ast-global-color-5)","background-image":"","background-repeat":"repeat","background-position":"center center","background-size":"auto","background-attachment":"scroll","background-type":"","background-media":"","overlay-type":"","overlay-color":"","overlay-opacity":"","overlay-gradient":""},"tablet":{"background-color":"var(--ast-global-color-5)","background-image":"","background-repeat":"repeat","background-position":"center center","background-size":"auto","background-attachment":"scroll","background-type":"","background-media":"","overlay-type":"","overlay-color":"","overlay-opacity":"","overlay-gradient":""},"mobile":{"background-color":"var(--ast-global-color-5)","background-image":"","background-repeat":"repeat","background-position":"center center","background-size":"auto","background-attachment":"scroll","background-type":"","background-media":"","overlay-type":"","overlay-color":"","overlay-opacity":"","overlay-gradient":""}},"footnotes":""},"categories":[1],"tags":[],"class_list":["post-3369","post","type-post","status-publish","format-standard","hentry","category-uncategorized"],"uagb_featured_image_src":{"full":false,"thumbnail":false,"medium":false,"medium_large":false,"large":false,"1536x1536":false,"2048x2048":false},"uagb_author_info":{"display_name":"Benedikt Schmid","author_link":"https:\/\/benediktschmid.ch\/?author=1"},"uagb_comment_info":1,"uagb_excerpt":"Z\u00fcrcher wird neuer Pr\u00e4sident der Jungen Mitte SchweizDer Z\u00fcrcher Benedikt Schmid ist heute auf der Delegiertenversammlung der Jungen Mitte Schweiz zum neuen Pr\u00e4sidenten gew\u00e4hlt worden. Ein harter Wahlkampf war jedoch nicht n\u00f6tig, da wie bereits bei der Mutterpartei niemand sonst f\u00fcr das Amt kandidierte. Trotzdem ist Schmid \u00fcberzeugt: \u00abIch will diesen Job.\u00bb Was ihn antreibt&hellip;","_links":{"self":[{"href":"https:\/\/benediktschmid.ch\/index.php?rest_route=\/wp\/v2\/posts\/3369","targetHints":{"allow":["GET"]}}],"collection":[{"href":"https:\/\/benediktschmid.ch\/index.php?rest_route=\/wp\/v2\/posts"}],"about":[{"href":"https:\/\/benediktschmid.ch\/index.php?rest_route=\/wp\/v2\/types\/post"}],"author":[{"embeddable":true,"href":"https:\/\/benediktschmid.ch\/index.php?rest_route=\/wp\/v2\/users\/1"}],"replies":[{"embeddable":true,"href":"https:\/\/benediktschmid.ch\/index.php?rest_route=%2Fwp%2Fv2%2Fcomments&post=3369"}],"version-history":[{"count":5,"href":"https:\/\/benediktschmid.ch\/index.php?rest_route=\/wp\/v2\/posts\/3369\/revisions"}],"predecessor-version":[{"id":3374,"href":"https:\/\/benediktschmid.ch\/index.php?rest_route=\/wp\/v2\/posts\/3369\/revisions\/3374"}],"wp:attachment":[{"href":"https:\/\/benediktschmid.ch\/index.php?rest_route=%2Fwp%2Fv2%2Fmedia&parent=3369"}],"wp:term":[{"taxonomy":"category","embeddable":true,"href":"https:\/\/benediktschmid.ch\/index.php?rest_route=%2Fwp%2Fv2%2Fcategories&post=3369"},{"taxonomy":"post_tag","embeddable":true,"href":"https:\/\/benediktschmid.ch\/index.php?rest_route=%2Fwp%2Fv2%2Ftags&post=3369"}],"curies":[{"name":"wp","href":"https:\/\/api.w.org\/{rel}","templated":true}]}}